{"id":407,"date":"2022-12-01T14:00:03","date_gmt":"2022-12-01T13:00:03","guid":{"rendered":"https:\/\/68600.fr\/D6D\/?p=407"},"modified":"2023-01-09T18:53:12","modified_gmt":"2023-01-09T17:53:12","slug":"prestation-analyse-de-lair-ppm-et-radon","status":"publish","type":"post","link":"https:\/\/68600.fr\/D6D\/prestation-analyse-de-lair-ppm-et-radon\/","title":{"rendered":"Prestation Analyse de l&rsquo;air &#8211; PPM et Radon"},"content":{"rendered":"\n<p>Mieux comprendre son environnement c&rsquo;est aussi s&rsquo;adapter \u00e0 ses risques et l&rsquo;adapter \u00e0 nos besoins !<\/p>\n\n\n\n<p>Dans le contexte du jour, parlant d&rsquo;environnement, je souhaite parler de l&rsquo;air.. <\/p>\n\n\n\n<p>La qualit\u00e9 de l\u2019air int\u00e9rieur que nous respirons a un impact d\u00e9terminant sur notre sant\u00e9 et notre bien-\u00eatre. Les lieux ext\u00e9rieurs urbains, ou les lieux publics ferm\u00e9s, ne sont pas les seuls \u00e0 \u00eatre victimes de pollution. <\/p>\n\n\n\n<p>Nos logements sont \u00e9galement concern\u00e9s&nbsp;! \u00ab&nbsp;On compte en effet pas moins de 900 substances chimiques au sein de notre logement, alors que nous y passons plus de la moiti\u00e9 de notre temps&nbsp;!&nbsp;\u00bb, t\u00e9moigne le Dr Pierre Souvet, pr\u00e9sident de l\u2019ASEF (Association Sant\u00e9 Environnement France). Ces substances comprennent surfaces r\u00e9nov\u00e9es, ou en travaux, les peintures et les colles, les plastiques soumis \u00e0 des changement de temp\u00e9rature (TV, PC), mais aussi les \u00e9missions ou gaz environnants.<\/p>\n\n\n\n<p>Il est donc vital, de comprendre ces risques et ici, D6D vous accompagne dans cette d\u00e9marche. Tout d\u2019abord, il faut d\u00e9finir la\/les pi\u00e8ces \u00e0 \u00e9valuer par rapport au besoin:  <\/p>\n\n\n\n<p>Il est pr\u00e9f\u00e9rable de se concentrer sur les pi\u00e8ces dans lesquelles on passe le plus de temps, voire. Ainsi, le s\u00e9jour, la chambre et la cuisine sont \u00e0 mesurer en priorit\u00e9. La chambre des enfants doit aussi \u00eatre test\u00e9e, car ces derniers sont plus sensibles aux polluants pr\u00e9sents dans l\u2019air int\u00e9rieur. M\u00eame les jouets et les meubles d\u2019enfants peuvent contenir des substances n\u00e9fastes&nbsp;!<\/p>\n\n\n\n<p>Parlant de <a href=\"https:\/\/68600.fr\/D6D\/hors-sujet-alerte-radon\/\" data-type=\"URL\" data-id=\"https:\/\/68600.fr\/D6D\/hors-sujet-alerte-radon\/\">radon <\/a>(gaz radioactif, incolore, inodore et d&rsquo;origine le plus souvent naturelle) dans un article pr\u00e9c\u00e9dent, c&rsquo;est principalement les caves, parkings et les \u00e9tages inf\u00e9rieurs qui rejoignent l&rsquo;inventaire des travaux ! <\/p>\n\n\n\n<p>Ainsi les questions suivantes font sens : <\/p>\n\n\n\n<ul class=\"wp-block-list\">\n<li>Y a t- il des polluants, dans mon domicile ?<\/li>\n\n\n\n<li>Y a t- il des risques de radon dans ma cave ?<\/li>\n\n\n\n<li>Quelle est la qualit\u00e9 de l&rsquo;air dans les locaux de mon entreprise ?<\/li>\n<\/ul>\n\n\n\n<p>D6D ne vous donnera pas la solution mais surement des pistes pour am\u00e9liorer votre environnement.<\/p>\n\n\n\n<p>De par mon statut d&rsquo;auto entrepreneur, cette activit\u00e9 sera naturellement \u00e9tablie en amont par un contrat, une d\u00e9finition des objectifs, ainsi que l&rsquo;\u00e9tablissement d&rsquo;une facture. La premi\u00e8re \u00e9tape est donc de prendre <a href=\"https:\/\/68600.fr\/D6D\/contact\/\" data-type=\"URL\" data-id=\"https:\/\/68600.fr\/D6D\/contact\/\">contact <\/a> !<\/p>\n\n\n\n<p><\/p>\n\n\n\n<p><\/p>\n","protected":false},"excerpt":{"rendered":"<p>Mieux comprendre son environnement c&rsquo;est aussi s&rsquo;adapter \u00e0 ses risques et l&rsquo;adapter \u00e0 nos besoins ! Dans le contexte du jour, parlant d&rsquo;environnement, je souhaite parler de l&rsquo;air.. La qualit\u00e9 de l\u2019air int\u00e9rieur que nous respirons a un impact d\u00e9terminant sur notre sant\u00e9 et notre bien-\u00eatre. Les lieux ext\u00e9rieurs urbains, ou les lieux publics ferm\u00e9s, [&hellip;]<\/p>\n","protected":false},"author":1,"featured_media":412,"comment_status":"open","ping_status":"open","sticky":false,"template":"","format":"standard","meta":{"footnotes":""},"categories":[41],"tags":[44,42,29],"class_list":["post-407","post","type-post","status-publish","format-standard","has-post-thumbnail","hentry","category-prestation","tag-location","tag-prestation","tag-radon"],"_links":{"self":[{"href":"https:\/\/68600.fr\/D6D\/wp-json\/wp\/v2\/posts\/407","targetHints":{"allow":["GET"]}}],"collection":[{"href":"https:\/\/68600.fr\/D6D\/wp-json\/wp\/v2\/posts"}],"about":[{"href":"https:\/\/68600.fr\/D6D\/wp-json\/wp\/v2\/types\/post"}],"author":[{"embeddable":true,"href":"https:\/\/68600.fr\/D6D\/wp-json\/wp\/v2\/users\/1"}],"replies":[{"embeddable":true,"href":"https:\/\/68600.fr\/D6D\/wp-json\/wp\/v2\/comments?post=407"}],"version-history":[{"count":3,"href":"https:\/\/68600.fr\/D6D\/wp-json\/wp\/v2\/posts\/407\/revisions"}],"predecessor-version":[{"id":440,"href":"https:\/\/68600.fr\/D6D\/wp-json\/wp\/v2\/posts\/407\/revisions\/440"}],"wp:featuredmedia":[{"embeddable":true,"href":"https:\/\/68600.fr\/D6D\/wp-json\/wp\/v2\/media\/412"}],"wp:attachment":[{"href":"https:\/\/68600.fr\/D6D\/wp-json\/wp\/v2\/media?parent=407"}],"wp:term":[{"taxonomy":"category","embeddable":true,"href":"https:\/\/68600.fr\/D6D\/wp-json\/wp\/v2\/categories?post=407"},{"taxonomy":"post_tag","embeddable":true,"href":"https:\/\/68600.fr\/D6D\/wp-json\/wp\/v2\/tags?post=407"}],"curies":[{"name":"wp","href":"https:\/\/api.w.org\/{rel}","templated":true}]}}